{"provider_url": "https://www.anchieta.sc.leg.br", "title": "SEMANA NACIONAL DE TR\u00c2NSITO! ", "html": "<div class=\"xdj266r x14z9mp xat24cr x1lziwak x1vvkbs x126k92a\">\r\n<div dir=\"auto\"><span class=\"html-span xexx8yu xyri2b x18d9i69 x1c1uobl x1hl2dhg x16tdsg8 x1vvkbs x3nfvp2 x1j61x8r x1fcty0u xdj266r xat24cr xm2jcoa x1mpyi22 xxymvpz xlup9mm x1kky2od\"><img alt=\"\ud83d\udea6\" class=\"xz74otr x15mokao x1ga7v0g x16uus16 xbiv7yw\" height=\"16\" src=\"https://static.xx.fbcdn.net/images/emoji.php/v9/t43/1/16/1f6a6.png\" width=\"16\" /></span>Sess\u00e3o de ontem foi marcada por uma mensagem muito relevante: recebemos Adilson Brugnara, Paulo Fusieger e Jos\u00e9 Junges para abordar a Semana Nacional de Tr\u00e2nsito, que a<span class=\"html-span xdj266r x14z9mp xat24cr x1lziwak xexx8yu xyri2b x18d9i69 x1c1uobl x1hl2dhg x16tdsg8 x1vvkbs\"><a class=\"html-a xdj266r x14z9mp xat24cr x1lziwak xexx8yu xyri2b x18d9i69 x1c1uobl x1hl2dhg x16tdsg8 x1vvkbs\" tabindex=\"-1\"></a></span>contece entre os dias 18 e 25 de setembro.</div>\r\n<div dir=\"auto\"><span class=\"html-span xexx8yu xyri2b x18d9i69 x1c1uobl x1hl2dhg x16tdsg8 x1vvkbs x3nfvp2 x1j61x8r x1fcty0u xdj266r xat24cr xm2jcoa x1mpyi22 xxymvpz xlup9mm x1kky2od\"><img alt=\"\ud83d\udea7\" class=\"xz74otr x15mokao x1ga7v0g x16uus16 xbiv7yw\" height=\"16\" src=\"https://static.xx.fbcdn.net/images/emoji.php/v9/tc4/1/16/1f6a7.png\" width=\"16\" /></span> O encontro refor\u00e7ou a import\u00e2ncia de um tr\u00e2nsito mais seguro, humano e consciente \u2014 especialmente quando se fala de responsabilidade individual e coletiva.</div>\r\n</div>\r\n<div class=\"x14z9mp xat24cr x1lziwak x1vvkbs xtlvy1s x126k92a\">\r\n<div dir=\"auto\"><span class=\"html-span xexx8yu xyri2b x18d9i69 x1c1uobl x1hl2dhg x16tdsg8 x1vvkbs x3nfvp2 x1j61x8r x1fcty0u xdj266r xat24cr xm2jcoa x1mpyi22 xxymvpz xlup9mm x1kky2od\"><img alt=\"\ud83d\udca1\" class=\"xz74otr x15mokao x1ga7v0g x16uus16 xbiv7yw\" height=\"16\" src=\"https://static.xx.fbcdn.net/images/emoji.php/v9/t3c/1/16/1f4a1.png\" width=\"16\" /></span> Nossa mensagem: desacelerar salva vidas. Cada atitude no tr\u00e2nsito faz diferen\u00e7a.</div>\r\n</div>\r\n<div class=\"x14z9mp xat24cr x1lziwak x1vvkbs xtlvy1s x126k92a\">\r\n<div dir=\"auto\">Tema da Semana Nacional de Tr\u00e2nsito 2025</div>\r\n<div dir=\"auto\">\u201cDesacelere. Seu bem maior \u00e9 a vida\u201d</div>\r\n</div>", "author_name": "", "version": "1.0", "author_url": "https://www.anchieta.sc.leg.br/author/adm", "provider_name": "ANCHIETA - SC", "type": "rich"}