{"provider_url": "https://www.anchieta.sc.leg.br", "title": "Semana da P\u00e1tria! ", "html": "<p data-start=\"143\" data-end=\"353\">\u00a0</p>\r\n<p data-start=\"355\" data-end=\"557\">De 1\u00ba a 7 de setembro, em todo o pa\u00eds, a <strong data-start=\"396\" data-end=\"416\">Semana da P\u00e1tria</strong> \u00e9 marcada por atos c\u00edvicos e reflex\u00f5es acerca da soberania nacional, da democracia e do compromisso de cada cidad\u00e3o com o futuro da Na\u00e7\u00e3o.</p>\r\n<p data-start=\"559\" data-end=\"720\">As bandeiras hasteadas em frente \u00e0 sede do Legislativo simbolizam o orgulho e a responsabilidade de pertencermos ao Brasil, a Santa Catarina e a Anchieta.\u00a0<img alt=\"\ud83c\udde7\ud83c\uddf7\" src=\"https://static.xx.fbcdn.net/images/emoji.php/v9/t9/1/16/1f1e7_1f1f7.png\" /></p>", "author_name": "", "version": "1.0", "author_url": "https://www.anchieta.sc.leg.br/author/adm", "provider_name": "ANCHIETA - SC", "type": "rich"}