{"provider_url": "https://www.anchieta.sc.leg.br", "title": "Posse 15\u00aa Legislatura", "html": "<div class=\"xdj266r x14z9mp xat24cr x1lziwak x1vvkbs x126k92a\">\r\n<div dir=\"auto\"></div>\r\n</div>\r\n<div class=\"x14z9mp xat24cr x1lziwak x1vvkbs xtlvy1s x126k92a\">\r\n<div dir=\"auto\">A posse dos Vereadores de Anchieta realizada no in\u00edcio do mandato, marca um momento importante para a pol\u00edtica local e para o funcionamento da C\u00e2mara Municipal. Este evento \u00e9 o ponto de partida para os eleitos iniciarem seu trabalho em prol da popula\u00e7\u00e3o, com a responsabilidade de legislar, fiscalizar e colaborar com o Executivo nas <span class=\"html-span xdj266r x14z9mp xat24cr x1lziwak xexx8yu xyri2b x18d9i69 x1c1uobl x1hl2dhg x16tdsg8 x1vvkbs\"><a class=\"html-a xdj266r x14z9mp xat24cr x1lziwak xexx8yu xyri2b x18d9i69 x1c1uobl x1hl2dhg x16tdsg8 x1vvkbs\" tabindex=\"-1\"></a></span>quest\u00f5es que impactam diretamente a cidade e a popula\u00e7\u00e3o.</div>\r\n</div>\r\n<div class=\"x14z9mp xat24cr x1lziwak x1vvkbs xtlvy1s x126k92a\">\r\n<div dir=\"auto\"></div>\r\n<div dir=\"auto\">O evento contou com a presen\u00e7a de Autoridades locais, como o Prefeito, Secret\u00e1rios Municipais, familiares e a popula\u00e7\u00e3o, que acompanha de perto o in\u00edcio dos trabalhos legislativos. Durante a cerim\u00f4nia de posse, os Vereadores prestaram o compromisso de cumprir suas fun\u00e7\u00f5es com \u00e9tica, honestidade e dedica\u00e7\u00e3o, colocando o interesse p\u00fablico acima de tudo.</div>\r\n</div>\r\n<div class=\"x14z9mp xat24cr x1lziwak x1vvkbs xtlvy1s x126k92a\">\r\n<div dir=\"auto\">Durante a solenidade, foram empossados para o novo mandato os vereadores: Claudete Teresinha Junges, Douglas Luiz Vidori, Eloe Schveizer, Fabio Kohls do Amaral, Nelson Rodrigues da Silva, Nilo Jos\u00e9 Prevedello, Paulo Cesar Sartori, Sheila Fernanda Dornelles e Tiago Leandro Moserle.</div>\r\n</div>\r\n<div dir=\"auto\"></div>\r\n<div dir=\"auto\">\r\n<div class=\"html-div xdj266r x14z9mp xat24cr x1lziwak xexx8yu xyri2b x18d9i69 x1c1uobl x78zum5 xdt5ytf x1iyjqo2 x7ywyr2\">\r\n<div class=\"x6ikm8r x10wlt62\">\r\n<div class=\"x1yztbdb x1n2onr6 xh8yej3 x1ja2u2z\">\r\n<div class=\"x1n2onr6 x1ja2u2z\">\r\n<div>\r\n<div>\r\n<div class=\"x1a2a7pz\">\r\n<div class=\"x78zum5 xdt5ytf\" data-virtualized=\"false\">\r\n<div class=\"x9f619 x1n2onr6 x1ja2u2z\">\r\n<div class=\"html-div xdj266r x14z9mp xat24cr x1lziwak xexx8yu xyri2b x18d9i69 x1c1uobl x78zum5 x1n2onr6 xh8yej3\">\r\n<div class=\"x1n2onr6 x1ja2u2z x1jx94hy xw5cjc7 x1dmpuos x1vsv7so xau1kf4 x9f619 xh8yej3 x6ikm8r x10wlt62\">\r\n<div>\r\n<div class=\"html-div xdj266r x14z9mp xat24cr x1lziwak xexx8yu xyri2b x18d9i69 x1c1uobl\">\r\n<div class=\"html-div xdj266r x14z9mp xat24cr x1lziwak xexx8yu xyri2b x18d9i69 x1c1uobl\">\r\n<div class=\"html-div xdj266r x14z9mp xat24cr x1lziwak xexx8yu xyri2b x18d9i69 x1c1uobl\">\r\n<div class=\"html-div xdj266r x14z9mp xat24cr x1lziwak xexx8yu xyri2b x18d9i69 x1c1uobl\">\r\n<div class=\"html-div xdj266r x14z9mp xat24cr x1lziwak xexx8yu xyri2b x18d9i69 x1c1uobl\" dir=\"auto\">\r\n<div class=\"html-div xdj266r x14z9mp xat24cr x1lziwak xexx8yu xyri2b x18d9i69 x1c1uobl\" data-ad-rendering-role=\"story_message\">\r\n<div class=\"x1l90r2v x1iorvi4 x1g0dm76 xpdmqnj\" id=\"_r_pm_\" data-ad-comet-preview=\"message\" data-ad-preview=\"message\">\r\n<div class=\"x78zum5 xdt5ytf xz62fqu x16ldp7u\">\r\n<div class=\"xu06os2 x1ok221b\">\r\n<div class=\"html-div xdj266r x14z9mp xat24cr x1lziwak xexx8yu xyri2b x18d9i69 x1c1uobl\">\r\n<div class=\"x14z9mp xat24cr x1lziwak x1vvkbs xtlvy1s x126k92a\">\r\n<div dir=\"auto\">Com a posse, os novos Vereadores de Anchieta come\u00e7am sua jornada no Legislativo Municipal, e seus mandatos ter\u00e3o dura\u00e7\u00e3o de quatro anos, durante os quais desempenhar\u00e3o um papel crucial na cria\u00e7\u00e3o e aprova\u00e7\u00e3o de leis que visem a melhoria na qualidade de vida dos cidad\u00e3os de Anchieta. O trabalho dos vereadores \u00e9 essencial para a Democracia local, pois envolve a an\u00e1lise de projetos, a proposi\u00e7\u00e3o de melhorias para a cidade e o acompanhamento das a\u00e7\u00f5es do Governo Municipal.</div>\r\n</div>\r\n</div>\r\n</div>\r\n</div>\r\n</div>\r\n</div>\r\n</div>\r\n<div class=\"html-div xdj266r x14z9mp xat24cr x1lziwak xexx8yu xyri2b x18d9i69 x1c1uobl x1n2onr6\" id=\"_r_pn_\">\r\n<div class=\"html-div xdj266r x14z9mp xat24cr x1lziwak xexx8yu xyri2b x18d9i69 x1c1uobl x1n2onr6\">\r\n<div class=\"html-div xdj266r x14z9mp xat24cr x1lziwak xexx8yu xyri2b x18d9i69 x1c1uobl\">\r\n<div class=\"x1n2onr6\">\r\n<div class=\"x1n2onr6\">\r\n<div class=\"x6ikm8r x10wlt62 x10l6tqk\"></div>\r\n</div>\r\n</div>\r\n</div>\r\n</div>\r\n</div>\r\n</div>\r\n</div>\r\n</div>\r\n</div>\r\n</div>\r\n</div>\r\n</div>\r\n</div>\r\n</div>\r\n</div>\r\n</div>\r\n</div>\r\n</div>\r\n</div>\r\n</div>\r\n</div>\r\n<div class=\"x78zum5 xdt5ytf x2lah0s x10wjd1d xtijo5x x1o0tod x47corl x7wzq59 x1vjfegm x1l3hj4d x3m8hty x13a6bvl x1yztbdb\">\r\n<div class=\"x2lah0s xlup9mm x7wzq59 x7r5tp8 x1s928wv x1a5uphr x1j6awrg x1s71c9q x4eaejv x1ey2m1c xtjevij\"></div>\r\n</div>\r\n</div>", "author_name": "", "version": "1.0", "author_url": "https://www.anchieta.sc.leg.br/author/adm", "provider_name": "ANCHIETA - SC", "type": "rich"}