{"provider_url": "https://www.anchieta.sc.leg.br", "title": "NOTA DE ESCLARECIMENTO! ", "html": "<p>O Presidente da C\u00e2mara de Vereadores de Anchieta, Estado de Santa Catarina, vem prestar esclarecimentos sobre o incidente ocorrido na manh\u00e3 desta ter\u00e7a-feira, dia 18 de fevereiro de 2025, envolvendo o ve\u00edculo oficial da C\u00e2mara Municipal.<br />Por volta das 5 horas, na BR 282, pr\u00f3ximo ao trevo de acesso \u00e0 cidade de Iraceminha, em raz\u00e3o de queda de \u00e1rvore na pista, um caminh\u00e3o que seguia no mesmo sentido, S\u00e3o Miguel do Oeste \u00e0 Maravilha, colidiu na traseira do ve\u00edculo da C\u00e2mara de Vereadores FIAT/Siena, ocupado por quatro pessoas que sa\u00edram ilesas.</p>\r\n<p>Agradecemos pela compreens\u00e3o de todos neste momento. Em caso de quaisquer d\u00favidas, a Secretaria da C\u00e2mara Municipal est\u00e1 \u00e0 disposi\u00e7\u00e3o para fornecer mais informa\u00e7\u00f5es.</p>", "author_name": "", "version": "1.0", "author_url": "https://www.anchieta.sc.leg.br/author/adm", "provider_name": "ANCHIETA - SC", "type": "rich"}