{"provider_url": "https://www.anchieta.sc.leg.br", "title": "CTG convida comunidade para Costel\u00e3o e Rodeio", "html": "<p data-start=\"775\" data-end=\"1076\">A tradi\u00e7\u00e3o ga\u00facha tamb\u00e9m esteve em pauta na sess\u00e3o desta semana da C\u00e2mara de Vereadores de Anchieta. O patr\u00e3o do <strong data-start=\"888\" data-end=\"929\">CTG Alto da Quer\u00eancia, J\u00fanior Furtado</strong>, acompanhado de representantes, fez uso da tribuna para convidar os vereadores e toda a comunidade a prestigiar os pr\u00f3ximos eventos da entidade.</p>\r\n<p data-start=\"1078\" data-end=\"1268\">No dia <strong data-start=\"1085\" data-end=\"1103\">19 de setembro</strong> acontece o j\u00e1 tradicional <strong data-start=\"1130\" data-end=\"1149\">Costel\u00e3o do CTG</strong>, e em <strong data-start=\"1156\" data-end=\"1168\">novembro</strong> ser\u00e1 realizado o <strong data-start=\"1186\" data-end=\"1204\">Rodeio Oficial</strong>, reunindo competi\u00e7\u00f5es, gastronomia e apresenta\u00e7\u00f5es culturais.</p>\r\n<p data-start=\"1270\" data-end=\"1389\">O convite refor\u00e7a a import\u00e2ncia do CTG como espa\u00e7o de preserva\u00e7\u00e3o e fortalecimento das tradi\u00e7\u00f5es ga\u00fachas em Anchieta.</p>", "author_name": "", "version": "1.0", "author_url": "https://www.anchieta.sc.leg.br/author/adm", "provider_name": "ANCHIETA - SC", "type": "rich"}