{"provider_url": "https://www.anchieta.sc.leg.br", "title": "8\u00aa Sess\u00e3o Ordin\u00e1ria de 2025", "html": "<div class=\"xdj266r x14z9mp xat24cr x1lziwak x1vvkbs x126k92a\">\r\n<div dir=\"auto\">No dia 12 de mar\u00e7o, a C\u00e2mara Municipal de Vereadores de Anchieta realizou sua oitava sess\u00e3o ordin\u00e1ria, contando com a presen\u00e7a de vereadores, vereadoras, funcion\u00e1rios do legislativo e representantes da popula\u00e7\u00e3o. A reuni\u00e3o teve in\u00edcio \u00e0s 19h15, com um atraso de quinze minutos devido a problemas t\u00e9cnicos, e se estendeu at\u00e9 as 20h, abordando temas relevantes para o munic\u00edpio.</div>\r\n</div>\r\n<div class=\"x14z9mp xat24cr x1lziwak x1vvkbs xtlvy1s x126k92a\">\r\n<div dir=\"auto\">Durante o expediente, foi apresentado o requerimento n\u00ba 01, de autoria das vereadores Eloe Schveizer, <span class=\"html-span xdj266r x14z9mp xat24cr x1lziwak xexx8yu xyri2b x18d9i69 x1c1uobl x1hl2dhg x16tdsg8 x1vvkbs\"><a class=\"html-a xdj266r x14z9mp xat24cr x1lziwak xexx8yu xyri2b x18d9i69 x1c1uobl x1hl2dhg x16tdsg8 x1vvkbs\" tabindex=\"-1\"></a></span>Sheila Fernanda Dornelles e Claudete Teresinha Junges, da bancada do PT, solicitando a aquisi\u00e7\u00e3o de um terreno para habita\u00e7\u00e3o, a jun\u00e7\u00e3o dos terrenos remanescentes do conjunto habitacional Bem Viver e sua destina\u00e7\u00e3o \u00e0s fam\u00edlias em situa\u00e7\u00e3o de necessidade.</div>\r\n</div>\r\n<div class=\"x14z9mp xat24cr x1lziwak x1vvkbs xtlvy1s x126k92a\">\r\n<div dir=\"auto\">Na palavra livre, os vereadores manifestaram suas opini\u00f5es sobre quest\u00f5es importantes para o munic\u00edpio. Destacaram-se as falas dos vereadores Eloe, Nilo, Claudete e do presidente Tiago, que enfatizaram a recorrente falta de \u00e1gua enfrentada pela comunidade e defenderam a busca por solu\u00e7\u00f5es coletivas para o problema.</div>\r\n</div>\r\n<div class=\"x14z9mp xat24cr x1lziwak x1vvkbs xtlvy1s x126k92a\">\r\n<div dir=\"auto\">A pr\u00f3xima sess\u00e3o ordin\u00e1ria est\u00e1 agendada para o dia 19 de mar\u00e7o, \u00e0s 19h, nas depend\u00eancias da C\u00e2mara de Vereadores, com previs\u00e3o de discuss\u00e3o de projetos de grande import\u00e2ncia para o munic\u00edpio.</div>\r\n</div>", "author_name": "", "version": "1.0", "author_url": "https://www.anchieta.sc.leg.br/author/adm", "provider_name": "ANCHIETA - SC", "type": "rich"}