{"provider_url": "https://www.anchieta.sc.leg.br", "title": "40\u00aa Sess\u00e3o Ordin\u00e1ria de 2025", "html": "<p><br /><span class=\"html-span xexx8yu xyri2b x18d9i69 x1c1uobl x1hl2dhg x16tdsg8 x1vvkbs x3nfvp2 x1j61x8r x1fcty0u xdj266r xat24cr xm2jcoa x1mpyi22 xxymvpz xlup9mm x1kky2od\"><img alt=\"\ud83d\udcdd\" class=\"xz74otr x15mokao x1ga7v0g x16uus16 xbiv7yw\" height=\"16\" src=\"https://static.xx.fbcdn.net/images/emoji.php/v9/tcc/1/16/1f4dd.png\" width=\"16\" /></span><span>\u00a0Pautas votadas:</span><br class=\"html-br\" /><span class=\"html-span xexx8yu xyri2b x18d9i69 x1c1uobl x1hl2dhg x16tdsg8 x1vvkbs x3nfvp2 x1j61x8r x1fcty0u xdj266r xat24cr xm2jcoa x1mpyi22 xxymvpz xlup9mm x1kky2od\"><img alt=\"\ud83d\udd39\" class=\"xz74otr x15mokao x1ga7v0g x16uus16 xbiv7yw\" height=\"16\" src=\"https://static.xx.fbcdn.net/images/emoji.php/v9/tf3/1/16/1f539.png\" width=\"16\" /></span><span>\u00a0Em segunda vota\u00e7\u00e3o:</span><br class=\"html-br\" /><span>Projeto de Lei Complementar n\u00ba08/2025:</span><br class=\"html-br\" /><span>Declara como \u00e1rea de expans\u00e3o urbana e inclui como per\u00edmetro urbano do munic\u00edpio de Anchieta/SC o im\u00f3vel que especifica e d\u00e1 outras providencias.</span><br class=\"html-br\" /><span class=\"html-span xexx8yu xyri2b x18d9i69 x1c1uobl x1hl2dhg x16tdsg8 x1vvkbs x3nfvp2 x1j61x8r x1fcty0u xdj266r xat24cr xm2jcoa x1mpyi22 xxymvpz xlup9mm x1kky2od\"><img alt=\"\u2705\" class=\"xz74otr x15mokao x1ga7v0g x16uus16 xbiv7yw\" height=\"16\" src=\"https://static.xx.fbcdn.net/images/emoji.php/v9/t33/1/16/2705.png\" width=\"16\" /></span><span>\u00a0Projeto aprovado por unanimidade</span><br class=\"html-br\" /><br class=\"html-br\" /><span class=\"html-span xexx8yu xyri2b x18d9i69 x1c1uobl x1hl2dhg x16tdsg8 x1vvkbs x3nfvp2 x1j61x8r x1fcty0u xdj266r xat24cr xm2jcoa x1mpyi22 xxymvpz xlup9mm x1kky2od\"><img alt=\"\ud83d\udd39\" class=\"xz74otr x15mokao x1ga7v0g x16uus16 xbiv7yw\" height=\"16\" src=\"https://static.xx.fbcdn.net/images/emoji.php/v9/tf3/1/16/1f539.png\" width=\"16\" /></span><span>\u00a0Em primeira e \u00fanica vota\u00e7\u00e3o:</span><br class=\"html-br\" /><span>Projeto de Lei Complementar n\u00ba 10/2025</span><br class=\"html-br\" /><span>disp\u00f5e sobre o sistema municipal de ensino de Anchieta - SC e d\u00e1 outras provid\u00eancias.</span><br class=\"html-br\" /><span class=\"html-span xexx8yu xyri2b x18d9i69 x1c1uobl x1hl2dhg x16tdsg8 x1vvkbs x3nfvp2 x1j61x8r x1fcty0u xdj266r xat24cr xm2jcoa x1mpyi22 xxymvpz xlup9mm x1kky2od\"><img alt=\"\u2705\" class=\"xz74otr x15mokao x1ga7v0g x16uus16 xbiv7yw\" height=\"16\" src=\"https://static.xx.fbcdn.net/images/emoji.php/v9/t33/1/16/2705.png\" width=\"16\" /></span><span>\u00a0Projeto de Lei Complementar aprovado por unanimidade</span><br class=\"html-br\" /><br class=\"html-br\" /><span class=\"html-span xexx8yu xyri2b x18d9i69 x1c1uobl x1hl2dhg x16tdsg8 x1vvkbs x3nfvp2 x1j61x8r x1fcty0u xdj266r xat24cr xm2jcoa x1mpyi22 xxymvpz xlup9mm x1kky2od\"><img alt=\"\ud83d\udd39\" class=\"xz74otr x15mokao x1ga7v0g x16uus16 xbiv7yw\" height=\"16\" src=\"https://static.xx.fbcdn.net/images/emoji.php/v9/tf3/1/16/1f539.png\" width=\"16\" /></span><span>\u00a0Em vota\u00e7\u00e3o:</span><br class=\"html-br\" /><span>Indica\u00e7\u00e3o n\u00ba 13/2025</span><br class=\"html-br\" /><span>seja constru\u00edda lombada na Rua Ernesto Moscon \u2013 localizada no Bairro Xavantes</span><br class=\"html-br\" /><span>Apresentado pelos vereadores Claudete Teresinha Junges, Sheila Fernanda Dornelles e Eloe Schveizer da bancada do PT</span><br class=\"html-br\" /><span class=\"html-span xexx8yu xyri2b x18d9i69 x1c1uobl x1hl2dhg x16tdsg8 x1vvkbs x3nfvp2 x1j61x8r x1fcty0u xdj266r xat24cr xm2jcoa x1mpyi22 xxymvpz xlup9mm x1kky2od\"><img alt=\"\u2705\" class=\"xz74otr x15mokao x1ga7v0g x16uus16 xbiv7yw\" height=\"16\" src=\"https://static.xx.fbcdn.net/images/emoji.php/v9/t33/1/16/2705.png\" width=\"16\" /></span><span>\u00a0Indica\u00e7\u00e3o aprovada por unanimidade</span><br class=\"html-br\" /><br class=\"html-br\" /><span class=\"html-span xexx8yu xyri2b x18d9i69 x1c1uobl x1hl2dhg x16tdsg8 x1vvkbs x3nfvp2 x1j61x8r x1fcty0u xdj266r xat24cr xm2jcoa x1mpyi22 xxymvpz xlup9mm x1kky2od\"><img alt=\"\ud83d\ude4f\" class=\"xz74otr x15mokao x1ga7v0g x16uus16 xbiv7yw\" height=\"16\" src=\"https://static.xx.fbcdn.net/images/emoji.php/v9/t80/1/16/1f64f.png\" width=\"16\" /></span><span>\u00a0Agradecemos a todos que acompanharam a sess\u00e3o ao vivo pelo Facebook!</span><br class=\"html-br\" /><span class=\"html-span xexx8yu xyri2b x18d9i69 x1c1uobl x1hl2dhg x16tdsg8 x1vvkbs x3nfvp2 x1j61x8r x1fcty0u xdj266r xat24cr xm2jcoa x1mpyi22 xxymvpz xlup9mm x1kky2od\"><img alt=\"\ud83d\udcac\" class=\"xz74otr x15mokao x1ga7v0g x16uus16 xbiv7yw\" height=\"16\" src=\"https://static.xx.fbcdn.net/images/emoji.php/v9/t6e/1/16/1f4ac.png\" width=\"16\" /></span><span>\u00a0A sua participa\u00e7\u00e3o, mesmo \u00e0 dist\u00e2ncia, fortalece a atua\u00e7\u00e3o do Legislativo.</span><br class=\"html-br\" /><br class=\"html-br\" /><span class=\"html-span xexx8yu xyri2b x18d9i69 x1c1uobl x1hl2dhg x16tdsg8 x1vvkbs x3nfvp2 x1j61x8r x1fcty0u xdj266r xat24cr xm2jcoa x1mpyi22 xxymvpz xlup9mm x1kky2od\"><img alt=\"\ud83d\udce3\" class=\"xz74otr x15mokao x1ga7v0g x16uus16 xbiv7yw\" height=\"16\" src=\"https://static.xx.fbcdn.net/images/emoji.php/v9/tba/1/16/1f4e3.png\" width=\"16\" /></span><span>\u00a0Nosso convite continua: participe presencialmente das sess\u00f5es, acompanhe os debates e contribua com o futuro de Anchieta.</span><br class=\"html-br\" /><span class=\"html-span xexx8yu xyri2b x18d9i69 x1c1uobl x1hl2dhg x16tdsg8 x1vvkbs x3nfvp2 x1j61x8r x1fcty0u xdj266r xat24cr xm2jcoa x1mpyi22 xxymvpz xlup9mm x1kky2od\"><img alt=\"\ud83e\udd1d\" class=\"xz74otr x15mokao x1ga7v0g x16uus16 xbiv7yw\" height=\"16\" src=\"https://static.xx.fbcdn.net/images/emoji.php/v9/t64/1/16/1f91d.png\" width=\"16\" /></span><span>\u00a0A sua presen\u00e7a faz a diferen\u00e7a!</span><br class=\"html-br\" /><span class=\"html-span xexx8yu xyri2b x18d9i69 x1c1uobl x1hl2dhg x16tdsg8 x1vvkbs x3nfvp2 x1j61x8r x1fcty0u xdj266r xat24cr xm2jcoa x1mpyi22 xxymvpz xlup9mm x1kky2od\"><img alt=\"\ud83d\udcc6\" class=\"xz74otr x15mokao x1ga7v0g x16uus16 xbiv7yw\" height=\"16\" src=\"https://static.xx.fbcdn.net/images/emoji.php/v9/tff/1/16/1f4c6.png\" width=\"16\" /></span><span>\u00a0Pr\u00f3xima Sess\u00e3o Ordin\u00e1ria: 17 de novembro de 2025, \u00e0s 19h</span></p>", "author_name": "", "version": "1.0", "author_url": "https://www.anchieta.sc.leg.br/author/adm", "provider_name": "ANCHIETA - SC", "type": "rich"}