{"provider_url": "https://www.anchieta.sc.leg.br", "title": "37\u00aa Sess\u00e3o Ordin\u00e1ria de 2025", "html": "<p><br class=\"html-br\" /><span class=\"html-span xexx8yu xyri2b x18d9i69 x1c1uobl x1hl2dhg x16tdsg8 x1vvkbs x3nfvp2 x1j61x8r x1fcty0u xdj266r xat24cr xm2jcoa x1mpyi22 xxymvpz xlup9mm x1kky2od\"><img alt=\"\ud83d\uddd3\ufe0f\" class=\"xz74otr x15mokao x1ga7v0g x16uus16 xbiv7yw\" height=\"16\" src=\"https://static.xx.fbcdn.net/images/emoji.php/v9/t5c/1/16/1f5d3.png\" width=\"16\" /></span><span>\u00a0C\u00e2mara Municipal de Anchieta - SC</span><br class=\"html-br\" /><span>Na \u00faltima quarta-feira, 22 de outubro, realizamos a 37\u00aa Sess\u00e3o Ordin\u00e1ria do ano.</span><br class=\"html-br\" /><br class=\"html-br\" /><span class=\"html-span xexx8yu xyri2b x18d9i69 x1c1uobl x1hl2dhg x16tdsg8 x1vvkbs x3nfvp2 x1j61x8r x1fcty0u xdj266r xat24cr xm2jcoa x1mpyi22 xxymvpz xlup9mm x1kky2od\"><img alt=\"\ud83d\udcdd\" class=\"xz74otr x15mokao x1ga7v0g x16uus16 xbiv7yw\" height=\"16\" src=\"https://static.xx.fbcdn.net/images/emoji.php/v9/tcc/1/16/1f4dd.png\" width=\"16\" /></span><span>Em vota\u00e7\u00e3o, as indica\u00e7\u00f5es feitas pelo Parlamento Jovem:</span><br class=\"html-br\" /><span class=\"html-span xexx8yu xyri2b x18d9i69 x1c1uobl x1hl2dhg x16tdsg8 x1vvkbs x3nfvp2 x1j61x8r x1fcty0u xdj266r xat24cr xm2jcoa x1mpyi22 xxymvpz xlup9mm x1kky2od\"><img alt=\"\ud83d\udd39\" class=\"xz74otr x15mokao x1ga7v0g x16uus16 xbiv7yw\" height=\"16\" src=\"https://static.xx.fbcdn.net/images/emoji.php/v9/tf3/1/16/1f539.png\" width=\"16\" /></span><span>\u00a0Indica\u00e7\u00e3o n\u00ba 01/2025: Apresentado pelo Parlamentar Jovem Jo\u00e3o Pedro Amaral Bonavigo. Assunto: proposi\u00e7\u00e3o para constru\u00e7\u00e3o, melhorias e conserva\u00e7\u00e3o dos abrigos de passageiros utilizados no transporte escolar.</span><br class=\"html-br\" /><span class=\"html-span xexx8yu xyri2b x18d9i69 x1c1uobl x1hl2dhg x16tdsg8 x1vvkbs x3nfvp2 x1j61x8r x1fcty0u xdj266r xat24cr xm2jcoa x1mpyi22 xxymvpz xlup9mm x1kky2od\"><img alt=\"\u2705\" class=\"xz74otr x15mokao x1ga7v0g x16uus16 xbiv7yw\" height=\"16\" src=\"https://static.xx.fbcdn.net/images/emoji.php/v9/t33/1/16/2705.png\" width=\"16\" /></span><span>\u00a0Indica\u00e7\u00e3o aprovada por unanimidade</span><br class=\"html-br\" /><br class=\"html-br\" /><span class=\"html-span xexx8yu xyri2b x18d9i69 x1c1uobl x1hl2dhg x16tdsg8 x1vvkbs x3nfvp2 x1j61x8r x1fcty0u xdj266r xat24cr xm2jcoa x1mpyi22 xxymvpz xlup9mm x1kky2od\"><img alt=\"\ud83d\udd39\" class=\"xz74otr x15mokao x1ga7v0g x16uus16 xbiv7yw\" height=\"16\" src=\"https://static.xx.fbcdn.net/images/emoji.php/v9/tf3/1/16/1f539.png\" width=\"16\" /></span><span>\u00a0Indica\u00e7\u00e3o n\u00ba 02/2025: Apresentado pela Parlamentar Jovem Laura Vitoria Junges Winck. Assunto: constru\u00e7\u00e3o de um chimarr\u00f3dromo na pra\u00e7a da cidade.</span><br class=\"html-br\" /><span class=\"html-span xexx8yu xyri2b x18d9i69 x1c1uobl x1hl2dhg x16tdsg8 x1vvkbs x3nfvp2 x1j61x8r x1fcty0u xdj266r xat24cr xm2jcoa x1mpyi22 xxymvpz xlup9mm x1kky2od\"><img alt=\"\u2705\" class=\"xz74otr x15mokao x1ga7v0g x16uus16 xbiv7yw\" height=\"16\" src=\"https://static.xx.fbcdn.net/images/emoji.php/v9/t33/1/16/2705.png\" width=\"16\" /></span><span>\u00a0Indica\u00e7\u00e3o aprovada por unanimidade</span><br class=\"html-br\" /><br class=\"html-br\" /><span class=\"html-span xexx8yu xyri2b x18d9i69 x1c1uobl x1hl2dhg x16tdsg8 x1vvkbs x3nfvp2 x1j61x8r x1fcty0u xdj266r xat24cr xm2jcoa x1mpyi22 xxymvpz xlup9mm x1kky2od\"><img alt=\"\ud83d\udd39\" class=\"xz74otr x15mokao x1ga7v0g x16uus16 xbiv7yw\" height=\"16\" src=\"https://static.xx.fbcdn.net/images/emoji.php/v9/tf3/1/16/1f539.png\" width=\"16\" /></span><span>\u00a0Indica\u00e7\u00e3o n\u00ba 03/2025: Apresentado pelo Parlamentar Jovem Renan Antonio Somavilla</span><br class=\"html-br\" /><span>Assunto: cria\u00e7\u00e3o do projeto \u201clendo e brincando\u201d na comunidade da Linha Jo\u00e3o Caf\u00e9 Filho.</span><br class=\"html-br\" /><span class=\"html-span xexx8yu xyri2b x18d9i69 x1c1uobl x1hl2dhg x16tdsg8 x1vvkbs x3nfvp2 x1j61x8r x1fcty0u xdj266r xat24cr xm2jcoa x1mpyi22 xxymvpz xlup9mm x1kky2od\"><img alt=\"\u2705\" class=\"xz74otr x15mokao x1ga7v0g x16uus16 xbiv7yw\" height=\"16\" src=\"https://static.xx.fbcdn.net/images/emoji.php/v9/t33/1/16/2705.png\" width=\"16\" /></span><span>\u00a0Indica\u00e7\u00e3o aprovada por unanimidade</span><br class=\"html-br\" /><br class=\"html-br\" /><span class=\"html-span xexx8yu xyri2b x18d9i69 x1c1uobl x1hl2dhg x16tdsg8 x1vvkbs x3nfvp2 x1j61x8r x1fcty0u xdj266r xat24cr xm2jcoa x1mpyi22 xxymvpz xlup9mm x1kky2od\"><img alt=\"\ud83d\udd39\" class=\"xz74otr x15mokao x1ga7v0g x16uus16 xbiv7yw\" height=\"16\" src=\"https://static.xx.fbcdn.net/images/emoji.php/v9/tf3/1/16/1f539.png\" width=\"16\" /></span><span>\u00a0Indica\u00e7\u00e3o n\u00ba 04/2025: Apresentado pela Parlamentar Jovem Julia Gabrielly Terres Canale. Assunto: organiza\u00e7\u00e3o de programa de conscientiza\u00e7\u00e3o sobre os riscos do uso do cigarro eletr\u00f4nico.</span><br class=\"html-br\" /><span class=\"html-span xexx8yu xyri2b x18d9i69 x1c1uobl x1hl2dhg x16tdsg8 x1vvkbs x3nfvp2 x1j61x8r x1fcty0u xdj266r xat24cr xm2jcoa x1mpyi22 xxymvpz xlup9mm x1kky2od\"><img alt=\"\u2705\" class=\"xz74otr x15mokao x1ga7v0g x16uus16 xbiv7yw\" height=\"16\" src=\"https://static.xx.fbcdn.net/images/emoji.php/v9/t33/1/16/2705.png\" width=\"16\" /></span><span>\u00a0Indica\u00e7\u00e3o aprovada por unanimidade</span><br class=\"html-br\" /><br class=\"html-br\" /><span class=\"html-span xexx8yu xyri2b x18d9i69 x1c1uobl x1hl2dhg x16tdsg8 x1vvkbs x3nfvp2 x1j61x8r x1fcty0u xdj266r xat24cr xm2jcoa x1mpyi22 xxymvpz xlup9mm x1kky2od\"><img alt=\"\ud83d\udd39\" class=\"xz74otr x15mokao x1ga7v0g x16uus16 xbiv7yw\" height=\"16\" src=\"https://static.xx.fbcdn.net/images/emoji.php/v9/tf3/1/16/1f539.png\" width=\"16\" /></span><span>\u00a0Indica\u00e7\u00e3o n\u00ba 05/2025: Apresentado pela Parlamentar Jovem Laura Victoria Junges Winck. Assunto: cria\u00e7\u00e3o do projeto \u201cclube de leitura itinerante\u201d no munic\u00edpio de Anchieta \u2013 SC.</span><br class=\"html-br\" /><span class=\"html-span xexx8yu xyri2b x18d9i69 x1c1uobl x1hl2dhg x16tdsg8 x1vvkbs x3nfvp2 x1j61x8r x1fcty0u xdj266r xat24cr xm2jcoa x1mpyi22 xxymvpz xlup9mm x1kky2od\"><img alt=\"\u2705\" class=\"xz74otr x15mokao x1ga7v0g x16uus16 xbiv7yw\" height=\"16\" src=\"https://static.xx.fbcdn.net/images/emoji.php/v9/t33/1/16/2705.png\" width=\"16\" /></span><span>\u00a0Indica\u00e7\u00e3o aprovada por unanimidade</span><br class=\"html-br\" /><br class=\"html-br\" /><span class=\"html-span xexx8yu xyri2b x18d9i69 x1c1uobl x1hl2dhg x16tdsg8 x1vvkbs x3nfvp2 x1j61x8r x1fcty0u xdj266r xat24cr xm2jcoa x1mpyi22 xxymvpz xlup9mm x1kky2od\"><img alt=\"\ud83d\udd39\" class=\"xz74otr x15mokao x1ga7v0g x16uus16 xbiv7yw\" height=\"16\" src=\"https://static.xx.fbcdn.net/images/emoji.php/v9/tf3/1/16/1f539.png\" width=\"16\" /></span><span>\u00a0Indica\u00e7\u00e3o n\u00ba 06/2025: Apresentado pelo Parlamentar Jovem Geovane Brollo Ribeiro</span><br class=\"html-br\" /><span>Assunto: que seja realizado o lan\u00e7amento de sementes por bal\u00f5es em \u00e1reas selecionadas do munic\u00edpio de Anchieta/SC.</span><br class=\"html-br\" /><span class=\"html-span xexx8yu xyri2b x18d9i69 x1c1uobl x1hl2dhg x16tdsg8 x1vvkbs x3nfvp2 x1j61x8r x1fcty0u xdj266r xat24cr xm2jcoa x1mpyi22 xxymvpz xlup9mm x1kky2od\"><img alt=\"\u2705\" class=\"xz74otr x15mokao x1ga7v0g x16uus16 xbiv7yw\" height=\"16\" src=\"https://static.xx.fbcdn.net/images/emoji.php/v9/t33/1/16/2705.png\" width=\"16\" /></span><span>\u00a0Indica\u00e7\u00e3o aprovada por unanimidade</span><br class=\"html-br\" /><br class=\"html-br\" /><span class=\"html-span xexx8yu xyri2b x18d9i69 x1c1uobl x1hl2dhg x16tdsg8 x1vvkbs x3nfvp2 x1j61x8r x1fcty0u xdj266r xat24cr xm2jcoa x1mpyi22 xxymvpz xlup9mm x1kky2od\"><img alt=\"\ud83d\udd39\" class=\"xz74otr x15mokao x1ga7v0g x16uus16 xbiv7yw\" height=\"16\" src=\"https://static.xx.fbcdn.net/images/emoji.php/v9/tf3/1/16/1f539.png\" width=\"16\" /></span><span>\u00a0Indica\u00e7\u00e3o n\u00ba 07/2025: Apresentado pela Parlamentar Jovem Amanda Rafaela de Godoy Assunto: constru\u00e7\u00e3o de acostamento na SC 161 para seguran\u00e7a de pedestres e preven\u00e7\u00e3o de acidentes.</span><br class=\"html-br\" /><span class=\"html-span xexx8yu xyri2b x18d9i69 x1c1uobl x1hl2dhg x16tdsg8 x1vvkbs x3nfvp2 x1j61x8r x1fcty0u xdj266r xat24cr xm2jcoa x1mpyi22 xxymvpz xlup9mm x1kky2od\"><img alt=\"\u2705\" class=\"xz74otr x15mokao x1ga7v0g x16uus16 xbiv7yw\" height=\"16\" src=\"https://static.xx.fbcdn.net/images/emoji.php/v9/t33/1/16/2705.png\" width=\"16\" /></span><span>\u00a0Indica\u00e7\u00e3o aprovada por unanimidade</span><br class=\"html-br\" /><br class=\"html-br\" /><span class=\"html-span xexx8yu xyri2b x18d9i69 x1c1uobl x1hl2dhg x16tdsg8 x1vvkbs x3nfvp2 x1j61x8r x1fcty0u xdj266r xat24cr xm2jcoa x1mpyi22 xxymvpz xlup9mm x1kky2od\"><img alt=\"\ud83d\udd39\" class=\"xz74otr x15mokao x1ga7v0g x16uus16 xbiv7yw\" height=\"16\" src=\"https://static.xx.fbcdn.net/images/emoji.php/v9/tf3/1/16/1f539.png\" width=\"16\" /></span><span>\u00a0Indica\u00e7\u00e3o n\u00ba 08/2025: Apresentado pelos Parlamentares Jovens Renan Antonio Somavilla, Felipe Vieira Braga, Lucas Vinicius Prior e Geovane Brollo Ribeiro.</span><br class=\"html-br\" /><span>Assunto: implanta\u00e7\u00e3o de placar eletr\u00f4nico no Gin\u00e1sio Municipal Hil\u00e1rio Pompermayer.</span><br class=\"html-br\" /><span class=\"html-span xexx8yu xyri2b x18d9i69 x1c1uobl x1hl2dhg x16tdsg8 x1vvkbs x3nfvp2 x1j61x8r x1fcty0u xdj266r xat24cr xm2jcoa x1mpyi22 xxymvpz xlup9mm x1kky2od\"><img alt=\"\u2705\" class=\"xz74otr x15mokao x1ga7v0g x16uus16 xbiv7yw\" height=\"16\" src=\"https://static.xx.fbcdn.net/images/emoji.php/v9/t33/1/16/2705.png\" width=\"16\" /></span><span>\u00a0Indica\u00e7\u00e3o aprovada por unanimidade</span><br class=\"html-br\" /><br class=\"html-br\" /><span class=\"html-span xexx8yu xyri2b x18d9i69 x1c1uobl x1hl2dhg x16tdsg8 x1vvkbs x3nfvp2 x1j61x8r x1fcty0u xdj266r xat24cr xm2jcoa x1mpyi22 xxymvpz xlup9mm x1kky2od\"><img alt=\"\ud83d\ude4f\" class=\"xz74otr x15mokao x1ga7v0g x16uus16 xbiv7yw\" height=\"16\" src=\"https://static.xx.fbcdn.net/images/emoji.php/v9/t80/1/16/1f64f.png\" width=\"16\" /></span><span>\u00a0Agradecemos a todos que acompanharam a sess\u00e3o ao vivo pelo Facebook!</span><br class=\"html-br\" /><span class=\"html-span xexx8yu xyri2b x18d9i69 x1c1uobl x1hl2dhg x16tdsg8 x1vvkbs x3nfvp2 x1j61x8r x1fcty0u xdj266r xat24cr xm2jcoa x1mpyi22 xxymvpz xlup9mm x1kky2od\"><img alt=\"\ud83e\udd1d\" class=\"xz74otr x15mokao x1ga7v0g x16uus16 xbiv7yw\" height=\"16\" src=\"https://static.xx.fbcdn.net/images/emoji.php/v9/t64/1/16/1f91d.png\" width=\"16\" /></span><span>\u00a0A sua presen\u00e7a faz a diferen\u00e7a!</span><br class=\"html-br\" /><span class=\"html-span xexx8yu xyri2b x18d9i69 x1c1uobl x1hl2dhg x16tdsg8 x1vvkbs x3nfvp2 x1j61x8r x1fcty0u xdj266r xat24cr xm2jcoa x1mpyi22 xxymvpz xlup9mm x1kky2od\"><img alt=\"\ud83d\udcc6\" class=\"xz74otr x15mokao x1ga7v0g x16uus16 xbiv7yw\" height=\"16\" src=\"https://static.xx.fbcdn.net/images/emoji.php/v9/tff/1/16/1f4c6.png\" width=\"16\" /></span><span>\u00a0Pr\u00f3xima Sess\u00e3o Ordin\u00e1ria: 29 de outubro de 2025, \u00e0s 19h</span></p>", "author_name": "", "version": "1.0", "author_url": "https://www.anchieta.sc.leg.br/author/adm", "provider_name": "ANCHIETA - SC", "type": "rich"}