{"provider_url": "https://www.anchieta.sc.leg.br", "title": "32\u00aa Sess\u00e3o Ordin\u00e1ria de 2025", "html": "<p><span class=\"html-span xexx8yu xyri2b x18d9i69 x1c1uobl x1hl2dhg x16tdsg8 x1vvkbs x3nfvp2 x1j61x8r x1fcty0u xdj266r xat24cr xm2jcoa x1mpyi22 xxymvpz xlup9mm x1kky2od\"><img alt=\"\ud83d\udccc\" class=\"xz74otr x15mokao x1ga7v0g x16uus16 xbiv7yw\" height=\"16\" src=\"https://static.xx.fbcdn.net/images/emoji.php/v9/tac/1/16/1f4cc.png\" width=\"16\" /></span><span>\u00a032\u00aa Sess\u00e3o Ordin\u00e1ria de 2025</span><br class=\"html-br\" /><span class=\"html-span xexx8yu xyri2b x18d9i69 x1c1uobl x1hl2dhg x16tdsg8 x1vvkbs x3nfvp2 x1j61x8r x1fcty0u xdj266r xat24cr xm2jcoa x1mpyi22 xxymvpz xlup9mm x1kky2od\"><img alt=\"\ud83d\uddd3\ufe0f\" class=\"xz74otr x15mokao x1ga7v0g x16uus16 xbiv7yw\" height=\"16\" src=\"https://static.xx.fbcdn.net/images/emoji.php/v9/t5c/1/16/1f5d3.png\" width=\"16\" /></span><span>\u00a0C\u00e2mara Municipal de Anchieta - SC</span><br class=\"html-br\" /><span>Na \u00faltima quarta-feira, 17 de setembro, realizamos a 32\u00aa Sess\u00e3o Ordin\u00e1ria do ano.</span><br class=\"html-br\" /><br class=\"html-br\" /><span class=\"html-span xexx8yu xyri2b x18d9i69 x1c1uobl x1hl2dhg x16tdsg8 x1vvkbs x3nfvp2 x1j61x8r x1fcty0u xdj266r xat24cr xm2jcoa x1mpyi22 xxymvpz xlup9mm x1kky2od\"><img alt=\"\ud83d\udcdd\" class=\"xz74otr x15mokao x1ga7v0g x16uus16 xbiv7yw\" height=\"16\" src=\"https://static.xx.fbcdn.net/images/emoji.php/v9/tcc/1/16/1f4dd.png\" width=\"16\" /></span><span>\u00a0Pautas votadas:</span><br class=\"html-br\" /><span class=\"html-span xexx8yu xyri2b x18d9i69 x1c1uobl x1hl2dhg x16tdsg8 x1vvkbs x3nfvp2 x1j61x8r x1fcty0u xdj266r xat24cr xm2jcoa x1mpyi22 xxymvpz xlup9mm x1kky2od\"><img alt=\"\ud83d\udd39\" class=\"xz74otr x15mokao x1ga7v0g x16uus16 xbiv7yw\" height=\"16\" src=\"https://static.xx.fbcdn.net/images/emoji.php/v9/tf3/1/16/1f539.png\" width=\"16\" /></span><span>\u00a0Em primeira vota\u00e7\u00e3o, o Projeto de Lei Complementar n\u00ba 06/2025:</span><br class=\"html-br\" /><span>disp\u00f5e sobre a concess\u00e3o de distribui\u00e7\u00e3o de melhoria aos propriet\u00e1rios, titulares do dom\u00ednio \u00fatil ou possuidores, a qualquer t\u00edtulo, dos bens im\u00f3veis beneficiados pela realiza\u00e7\u00e3o de pavimenta\u00e7\u00e3o e d\u00e1 outras providencias</span><br class=\"html-br\" /><span class=\"html-span xexx8yu xyri2b x18d9i69 x1c1uobl x1hl2dhg x16tdsg8 x1vvkbs x3nfvp2 x1j61x8r x1fcty0u xdj266r xat24cr xm2jcoa x1mpyi22 xxymvpz xlup9mm x1kky2od\"><img alt=\"\u2705\" class=\"xz74otr x15mokao x1ga7v0g x16uus16 xbiv7yw\" height=\"16\" src=\"https://static.xx.fbcdn.net/images/emoji.php/v9/t33/1/16/2705.png\" width=\"16\" /></span><span>\u00a0Projeto aprovado por unanimidade.</span><br class=\"html-br\" /><br class=\"html-br\" /><span class=\"html-span xexx8yu xyri2b x18d9i69 x1c1uobl x1hl2dhg x16tdsg8 x1vvkbs x3nfvp2 x1j61x8r x1fcty0u xdj266r xat24cr xm2jcoa x1mpyi22 xxymvpz xlup9mm x1kky2od\"><img alt=\"\ud83d\udd39\" class=\"xz74otr x15mokao x1ga7v0g x16uus16 xbiv7yw\" height=\"16\" src=\"https://static.xx.fbcdn.net/images/emoji.php/v9/tf3/1/16/1f539.png\" width=\"16\" /></span><span>\u00a0Em vota\u00e7\u00e3o, a Mo\u00e7\u00e3o de Apelo n\u00b011/2025:</span><br class=\"html-br\" /><span>para que n\u00e3o seja reduzido o pre\u00e7o do litro de leite pago aos produtores rurais, bem como seja limitada a importa\u00e7\u00e3o de leite e derivados que compromete a competitividade e a sustentabilidade da produ\u00e7\u00e3o regional e nacional</span><br class=\"html-br\" /><span class=\"html-span xexx8yu xyri2b x18d9i69 x1c1uobl x1hl2dhg x16tdsg8 x1vvkbs x3nfvp2 x1j61x8r x1fcty0u xdj266r xat24cr xm2jcoa x1mpyi22 xxymvpz xlup9mm x1kky2od\"><img alt=\"\u2705\" class=\"xz74otr x15mokao x1ga7v0g x16uus16 xbiv7yw\" height=\"16\" src=\"https://static.xx.fbcdn.net/images/emoji.php/v9/t33/1/16/2705.png\" width=\"16\" /></span><span>\u00a0Mo\u00e7\u00e3o aprovada por unanimidade.</span><br class=\"html-br\" /><br class=\"html-br\" /><span class=\"html-span xexx8yu xyri2b x18d9i69 x1c1uobl x1hl2dhg x16tdsg8 x1vvkbs x3nfvp2 x1j61x8r x1fcty0u xdj266r xat24cr xm2jcoa x1mpyi22 xxymvpz xlup9mm x1kky2od\"><img alt=\"\ud83d\udd39\" class=\"xz74otr x15mokao x1ga7v0g x16uus16 xbiv7yw\" height=\"16\" src=\"https://static.xx.fbcdn.net/images/emoji.php/v9/tf3/1/16/1f539.png\" width=\"16\" /></span><span>Em vota\u00e7\u00e3o, Mo\u00e7\u00e3o de Apelo n\u00b013/2025</span><br class=\"html-br\" /><span>manifesta apoio \u00e0 proposta de emenda \u00e0 constitui\u00e7\u00e3o sugerida pela UVESC - federa\u00e7\u00e3o das c\u00e2maras de vereadores de Santa Catarina que visa delegar aos estados, ao distrito federal e aos munic\u00edpios a compet\u00eancia para legislar sobre o prazo de licen\u00e7a de seus respectivos parlamentares para fins de convoca\u00e7\u00e3o de suplente.</span><br class=\"html-br\" /><span class=\"html-span xexx8yu xyri2b x18d9i69 x1c1uobl x1hl2dhg x16tdsg8 x1vvkbs x3nfvp2 x1j61x8r x1fcty0u xdj266r xat24cr xm2jcoa x1mpyi22 xxymvpz xlup9mm x1kky2od\"><img alt=\"\u2705\" class=\"xz74otr x15mokao x1ga7v0g x16uus16 xbiv7yw\" height=\"16\" src=\"https://static.xx.fbcdn.net/images/emoji.php/v9/t33/1/16/2705.png\" width=\"16\" /></span><span>\u00a0Mo\u00e7\u00e3o aprovada por unanimidade.</span><br class=\"html-br\" /><br class=\"html-br\" /><span class=\"html-span xexx8yu xyri2b x18d9i69 x1c1uobl x1hl2dhg x16tdsg8 x1vvkbs x3nfvp2 x1j61x8r x1fcty0u xdj266r xat24cr xm2jcoa x1mpyi22 xxymvpz xlup9mm x1kky2od\"><img alt=\"\ud83d\ude4f\" class=\"xz74otr x15mokao x1ga7v0g x16uus16 xbiv7yw\" height=\"16\" src=\"https://static.xx.fbcdn.net/images/emoji.php/v9/t80/1/16/1f64f.png\" width=\"16\" /></span><span>\u00a0Agradecemos a todos que acompanharam a sess\u00e3o ao vivo pelo Facebook!</span><br class=\"html-br\" /><span class=\"html-span xexx8yu xyri2b x18d9i69 x1c1uobl x1hl2dhg x16tdsg8 x1vvkbs x3nfvp2 x1j61x8r x1fcty0u xdj266r xat24cr xm2jcoa x1mpyi22 xxymvpz xlup9mm x1kky2od\"><img alt=\"\ud83d\udcac\" class=\"xz74otr x15mokao x1ga7v0g x16uus16 xbiv7yw\" height=\"16\" src=\"https://static.xx.fbcdn.net/images/emoji.php/v9/t6e/1/16/1f4ac.png\" width=\"16\" /></span><span>\u00a0A sua participa\u00e7\u00e3o, mesmo \u00e0 dist\u00e2ncia, fortalece a atua\u00e7\u00e3o do Legislativo.</span><br class=\"html-br\" /><span class=\"html-span xexx8yu xyri2b x18d9i69 x1c1uobl x1hl2dhg x16tdsg8 x1vvkbs x3nfvp2 x1j61x8r x1fcty0u xdj266r xat24cr xm2jcoa x1mpyi22 xxymvpz xlup9mm x1kky2od\"><img alt=\"\ud83d\udce3\" class=\"xz74otr x15mokao x1ga7v0g x16uus16 xbiv7yw\" height=\"16\" src=\"https://static.xx.fbcdn.net/images/emoji.php/v9/tba/1/16/1f4e3.png\" width=\"16\" /></span><span>\u00a0Nosso convite continua: participe presencialmente das sess\u00f5es, acompanhe os debates e contribua com o futuro de Anchieta.</span><br class=\"html-br\" /><span class=\"html-span xexx8yu xyri2b x18d9i69 x1c1uobl x1hl2dhg x16tdsg8 x1vvkbs x3nfvp2 x1j61x8r x1fcty0u xdj266r xat24cr xm2jcoa x1mpyi22 xxymvpz xlup9mm x1kky2od\"><img alt=\"\ud83e\udd1d\" class=\"xz74otr x15mokao x1ga7v0g x16uus16 xbiv7yw\" height=\"16\" src=\"https://static.xx.fbcdn.net/images/emoji.php/v9/t64/1/16/1f91d.png\" width=\"16\" /></span><span>\u00a0A sua presen\u00e7a faz a diferen\u00e7a!</span><br class=\"html-br\" /><br class=\"html-br\" /><span class=\"html-span xexx8yu xyri2b x18d9i69 x1c1uobl x1hl2dhg x16tdsg8 x1vvkbs x3nfvp2 x1j61x8r x1fcty0u xdj266r xat24cr xm2jcoa x1mpyi22 xxymvpz xlup9mm x1kky2od\"><img alt=\"\ud83d\udcc6\" class=\"xz74otr x15mokao x1ga7v0g x16uus16 xbiv7yw\" height=\"16\" src=\"https://static.xx.fbcdn.net/images/emoji.php/v9/tff/1/16/1f4c6.png\" width=\"16\" /></span><span>\u00a0Pr\u00f3xima Sess\u00e3o Ordin\u00e1ria: 22 de setembro de 2025, \u00e0s 19h</span><br class=\"html-br\" /><span class=\"html-span xexx8yu xyri2b x18d9i69 x1c1uobl x1hl2dhg x16tdsg8 x1vvkbs x3nfvp2 x1j61x8r x1fcty0u xdj266r xat24cr xm2jcoa x1mpyi22 xxymvpz xlup9mm x1kky2od\"><img alt=\"\ud83d\udcf2\" class=\"xz74otr x15mokao x1ga7v0g x16uus16 xbiv7yw\" height=\"16\" src=\"https://static.xx.fbcdn.net/images/emoji.php/v9/td8/1/16/1f4f2.png\" width=\"16\" /></span><span>\u00a0Acompanhe os trabalhos do Legislativo em:\u00a0</span><span class=\"html-span xdj266r x14z9mp xat24cr x1lziwak xexx8yu xyri2b x18d9i69 x1c1uobl x1hl2dhg x16tdsg8 x1vvkbs\"><a class=\"x1i10hfl xjbqb8w x1ejq31n x18oe1m7 x1sy0etr xstzfhl x972fbf x10w94by x1qhh985 x14e42zd x9f619 x1ypdohk xt0psk2 x3ct3a4 xdj266r x14z9mp xat24cr x1lziwak xexx8yu xyri2b x18d9i69 x1c1uobl x16tdsg8 x1hl2dhg xggy1nq x1a2a7pz xkrqix3 x1sur9pj x1fey0fg x1s688f\" href=\"http://www.anchieta.sc.leg.br/?fbclid=IwZXh0bgNhZW0CMTAAAR6SneirWuFDgHYG7RnO-eFFtrRjMQ4-bxIIYGGYiuDXUa47HuKyVPUM1Y-jGQ_aem_BMkNZsme2ipHPZuVGw2K5A\" rel=\"nofollow noreferrer\" tabindex=\"0\" target=\"_blank\">www.anchieta.sc.leg.br</a></span><span>\u00a0</span></p>\r\n<div class=\"x1i10hfl xjbqb8w x1ejq31n x18oe1m7 x1sy0etr xstzfhl x972fbf x10w94by x1qhh985 x14e42zd x9f619 x1ypdohk xt0psk2 x3ct3a4 xdj266r x14z9mp xat24cr x1lziwak xexx8yu xyri2b x18d9i69 x1c1uobl x16tdsg8 x1hl2dhg xggy1nq x1a2a7pz xkrqix3 x1sur9pj xzsf02u x1s688f\">Ver menos</div>", "author_name": "", "version": "1.0", "author_url": "https://www.anchieta.sc.leg.br/author/adm", "provider_name": "ANCHIETA - SC", "type": "rich"}