{"provider_url": "https://www.anchieta.sc.leg.br", "title": "26\u00b0 Sess\u00e3o Ordin\u00e1ria de 2025", "html": "<p data-start=\"239\" data-end=\"318\"><strong data-start=\"239\" data-end=\"274\">\ud83d\udccc 26\u00aa Sess\u00e3o Ordin\u00e1ria de 2025</strong><br data-start=\"274\" data-end=\"277\" /> <strong data-start=\"277\" data-end=\"318\">\ud83d\uddd3\ufe0f C\u00e2mara Municipal de Anchieta - SC</strong></p>\r\n<p data-start=\"320\" data-end=\"560\">Na \u00faltima quarta-feira, <strong data-start=\"344\" data-end=\"359\">23 de julho</strong>, realizamos a <strong data-start=\"374\" data-end=\"398\">26\u00aa Sess\u00e3o Ordin\u00e1ria</strong> do ano.<br data-start=\"406\" data-end=\"409\" /> Durante a sess\u00e3o, foram <strong data-start=\"433\" data-end=\"470\">aprovadas importantes proposi\u00e7\u00f5es</strong> voltadas \u00e0 <strong data-start=\"482\" data-end=\"503\">mobilidade urbana</strong>, <strong data-start=\"505\" data-end=\"517\">educa\u00e7\u00e3o</strong> e \u00e0 <strong data-start=\"522\" data-end=\"540\">gest\u00e3o p\u00fablica</strong> do nosso munic\u00edpio.</p>\r\n<p data-start=\"562\" data-end=\"588\">\ud83d\udccd <strong data-start=\"565\" data-end=\"588\">Destaques da Sess\u00e3o</strong></p>\r\n<p data-start=\"590\" data-end=\"1044\">\u2705 O vereador <strong data-start=\"603\" data-end=\"611\">Nilo</strong> ressaltou a realiza\u00e7\u00e3o do <strong data-start=\"638\" data-end=\"660\">3\u00ba Bazar Solid\u00e1rio</strong>, promovido pela <strong data-start=\"677\" data-end=\"723\">Secretaria Municipal de Assist\u00eancia Social</strong>.<br data-start=\"724\" data-end=\"727\" /> A iniciativa, que ocorre a cada 40 dias, visa atender fam\u00edlias em situa\u00e7\u00e3o de vulnerabilidade social com a distribui\u00e7\u00e3o gratuita de roupas arrecadadas junto \u00e0 comunidade. O bazar conta com o apoio do <strong data-start=\"927\" data-end=\"949\">Corpo de Bombeiros</strong>, <strong data-start=\"951\" data-end=\"966\">Lions Clube</strong> e da popula\u00e7\u00e3o anchietense, que demonstra grande solidariedade a cada edi\u00e7\u00e3o.</p>\r\n<p data-start=\"1046\" data-end=\"1615\">\u2705 Os vereadores <strong data-start=\"1062\" data-end=\"1073\">Douglas</strong> e <strong data-start=\"1076\" data-end=\"1085\">F\u00e1bio</strong> comentaram sobre a <strong data-start=\"1105\" data-end=\"1157\">inaugura\u00e7\u00e3o das obras de revitaliza\u00e7\u00e3o da SC-161</strong>, realizada dentro do programa <strong data-start=\"1188\" data-end=\"1203\">Estrada Boa</strong>, do Governo do Estado.<br data-start=\"1226\" data-end=\"1229\" /> Com um investimento total de <strong data-start=\"1258\" data-end=\"1305\">R$ 3,5 bilh\u00f5es em infraestrutura</strong>, sendo <strong data-start=\"1313\" data-end=\"1357\">R$ 2 bilh\u00f5es destinados ao Extremo Oeste</strong>, o programa representa um marco para a mobilidade da regi\u00e3o.<br data-start=\"1418\" data-end=\"1421\" /> A revitaliza\u00e7\u00e3o da SC-161 \u00e9 um passo importante para o desenvolvimento de <strong data-start=\"1495\" data-end=\"1529\">Anchieta e munic\u00edpios vizinhos</strong>, melhorando a seguran\u00e7a, o escoamento da produ\u00e7\u00e3o e a qualidade de vida da popula\u00e7\u00e3o.</p>\r\n<p data-start=\"1617\" data-end=\"2102\">\ud83d\ude4f Agradecemos a todos que acompanharam a sess\u00e3o ao vivo pelo Facebook!<br data-start=\"1688\" data-end=\"1691\" /> \ud83d\udcac A sua participa\u00e7\u00e3o, mesmo \u00e0 dist\u00e2ncia, fortalece a atua\u00e7\u00e3o do Legislativo.<br data-start=\"1768\" data-end=\"1771\" /> \ud83d\udce3 Nosso convite continua: Participe presencialmente das sess\u00f5es, acompanhe os debates e contribua com o futuro de Anchieta.<br data-start=\"1895\" data-end=\"1898\" /> \ud83e\udd1d A sua presen\u00e7a faz a diferen\u00e7a!<br data-start=\"1932\" data-end=\"1935\" /> \ud83d\udcc6 <strong data-start=\"1938\" data-end=\"1967\">Pr\u00f3xima Sess\u00e3o Ordin\u00e1ria:</strong> dia 06 de agosto de 2025, \u00e0s 19h<br data-start=\"1999\" data-end=\"2002\" /> \ud83d\udcf2 Acompanhe os trabalhos do Legislativo em: <a href=\"http://www.anchieta.sc.leg.br\" rel=\"noopener\" target=\"_new\" data-start=\"2047\" data-end=\"2102\" data-is-only-node=\"\">www.anchieta.sc.leg.br</a></p>", "author_name": "", "version": "1.0", "author_url": "https://www.anchieta.sc.leg.br/author/adm", "provider_name": "ANCHIETA - SC", "type": "rich"}