{"provider_url": "https://www.anchieta.sc.leg.br", "title": "25\u00aa Sess\u00e3o Ordin\u00e1ria de 2025", "html": "<p>\ud83d\udccd 25\u00aa Sess\u00e3o Ordin\u00e1ria de 2025<br />\ud83d\uddd3\ufe0f C\u00e2mara Municipal de Anchieta - SC</p>\r\n<p>Na \u00faltima quarta-feira, 16 de julho, realizamos a 25\u00aa Sess\u00e3o Ordin\u00e1ria do ano. Durante a sess\u00e3o, foram aprovadas importantes proposi\u00e7\u00f5es voltadas \u00e0 melhoria da mobilidade urbana, da educa\u00e7\u00e3o e da gest\u00e3o p\u00fablica do nosso munic\u00edpio.</p>\r\n<p>Em primeira vota\u00e7\u00e3o: <br />\ud83d\udccc Indica\u00e7\u00e3o n\u00ba 09/2025<br />I \u2013 Instala\u00e7\u00e3o de tr\u00eas (3) faixas elevadas na Rua Buenos Aires, nos seguintes pontos:<br />* Acesso ao Centro de Conviv\u00eancia dos Idosos<br />* No meio da quadra entre as esquinas com as Ruas Padre Roque e 1\u00ba de Maio<br />* Aproximadamente 10 metros ap\u00f3s a sa\u00edda da Rua Ipiranga</p>\r\n<p>II \u2013 Instala\u00e7\u00e3o de uma faixa elevada na Rua Ipiranga, em frente ao port\u00e3o de acesso da Escola Municipal CMEIF</p>\r\n<p>III \u2013 Convers\u00e3o da Rua Ipiranga em m\u00e3o \u00fanica, no trecho entre a Rua Minas Gerais e a Rua Buenos Aires, com as seguintes adequa\u00e7\u00f5es:<br />* Alargamento da cal\u00e7ada no lado direito<br />* Estacionamento no lado esquerdo<br />* Cobertura integral da cal\u00e7ada desde o port\u00e3o da escola CMEIF at\u00e9 a entrada do Gin\u00e1sio Municipal, na mesma Rua Ipiranga<br />\u2705 Aprovada por unanimidade</p>\r\n<p>\ud83d\udccc Proposta de Emenda \u00e0 Lei Org\u00e2nica N\u00ba 01/2025<br />Altera dispositivos da Lei Org\u00e2nica do Munic\u00edpio de Anchieta/SC, referentes \u00e0:<br />* Transi\u00e7\u00e3o administrativa<br />* Hor\u00e1rio da posse dos vereadores<br />* Institui\u00e7\u00e3o do sistema de emendas impositivas no or\u00e7amento municipal<br />\u2705 Aprovada pela maioria</p>\r\n<p>\ud83d\udccc Em segunda vota\u00e7\u00e3o:<br />* Projeto de Lei n\u00ba 013/2025 \u2013 Institui o Fundo Municipal do Idoso de Anchieta e d\u00e1 outras provid\u00eancias<br />\u2705 Aprovado por unanimidade</p>\r\n<p>* Projeto de Lei Complementar n\u00ba 02/2025 \u2013 Prorroga a vig\u00eancia do Plano Municipal de Educa\u00e7\u00e3o, aprovado pela Lei Complementar n\u00ba 2175/2015, de 22 de junho de 2015<br />\u2705 Aprovado por unanimidade</p>\r\n<p>\ud83d\ude4f Agradecemos a todos que acompanharam a sess\u00e3o ao vivo pelo Facebook!<br />\ud83d\udcac A sua participa\u00e7\u00e3o, mesmo \u00e0 dist\u00e2ncia, fortalece a atua\u00e7\u00e3o do Legislativo.</p>\r\n<p>\ud83d\udce3 Nosso convite continua: Participe presencialmente das sess\u00f5es, acompanhe os debates e contribua com o futuro de Anchieta.<br />\ud83e\udd1d A sua presen\u00e7a faz a diferen\u00e7a!</p>\r\n<p>\ud83d\udcc6 Pr\u00f3xima Sess\u00e3o Ordin\u00e1ria: dia 23 de julho de 2025, \u00e0s 19h</p>\r\n<p>\ud83d\udcf2 Acompanhe os trabalhos do Legislativo em: www.anchieta.sc.leg.br</p>", "author_name": "", "version": "1.0", "author_url": "https://www.anchieta.sc.leg.br/author/adm", "provider_name": "ANCHIETA - SC", "type": "rich"}