{"provider_url": "https://www.anchieta.sc.leg.br", "title": "24\u00aa Sess\u00e3o Ordin\u00e1ria de 2025", "html": "<p>\ud83d\udccd 24\u00aa Sess\u00e3o Ordin\u00e1ria de 2025 | C\u00e2mara Municipal de Anchieta-SC <br />Na \u00faltima quarta-feira, 09 de julho, realizamos a 24\u00aa Sess\u00e3o Ordin\u00e1ria do ano! <br />Na ocasi\u00e3o, foram aprovadas por unanimidade as seguintes proposi\u00e7\u00f5es: <br />Projeto de Lei n\u00ba 013/2025: institui o Fundo Municipal do idoso de Anchieta e d\u00e1 outras provid\u00eancias. <br />Projeto de Lei Complementar n\u00ba 02/2025: prorroga a vig\u00eancia do plano municipal de educa\u00e7\u00e3o aprovado pela lei complementar n\u00ba 2175/2015, de 22 de junho de 2015. <br />Mo\u00e7\u00e3o de Apelo n\u00ba 07/2025: Recomposi\u00e7\u00e3o do efetivo da pol\u00edcia civil em Santa Catarina, com destaque a necessidade urgente de refor\u00e7o estrutural. <br />Mo\u00e7\u00e3o de Apelo n\u00ba 08/2025: solicita a disponiliza\u00e7\u00e3o de nova viatura para a pol\u00edcia militar de Anchieta SC. <br /><br />Rejeitado pela maioria, em sua primeira vota\u00e7\u00e3o: <br />Projeto de Lei do Legislativo n\u00ba 06/2025: Institui o selo empresa amiga do cuidado. <br /><br />\ud83d\udc6e\u200d\u2642\ufe0f Tamb\u00e9m contamos com a presen\u00e7a do Sargento Hanauer, que utilizou a tribuna para falar sobre a solicita\u00e7\u00e3o abordada na Mo\u00e7\u00e3o de Apelo n\u00ba 08/2025, referente \u00e0 necessidade de aquisi\u00e7\u00e3o de uma nova viatura para refor\u00e7ar o policiamento no munic\u00edpio de Anchieta. <br /><br />\ud83d\ude4f Agradecemos a todos que acompanharam a sess\u00e3o ao vivo pelo Facebook! A sua participa\u00e7\u00e3o, mesmo \u00e0 dist\u00e2ncia, fortalece o nosso trabalho. \ud83d\udcac <br />\ud83d\udce3 Deixamos o convite: venha at\u00e9 a C\u00e2mara, participe das sess\u00f5es e acompanhe de perto o trabalho do Legislativo Municipal. A sua presen\u00e7a faz a diferen\u00e7a! \ud83e\udd1d <br />\ud83d\udcc6 A pr\u00f3xima sess\u00e3o ordin\u00e1ria ser\u00e1 no dia 16 de julho de 2025, \u00e0s 19h. <br />\ud83d\udcf2 Acompanhe os trabalhos do Legislativo: www.anchieta.sc.leg.br</p>", "author_name": "", "version": "1.0", "author_url": "https://www.anchieta.sc.leg.br/author/adm", "provider_name": "ANCHIETA - SC", "type": "rich"}