{"provider_url": "https://www.anchieta.sc.leg.br", "title": "23\u00aa Sess\u00e3o Ordin\u00e1ria de 2025", "html": "<p><br />Na \u00faltima quarta-feira, 02 de julho, realizamos a 23\u00aa Sess\u00e3o Ordin\u00e1ria do ano!<br />Na ocasi\u00e3o, foram aprovadas por unanimidade dos presentes as seguintes proposi\u00e7\u00f5es:<br />\u2705 Em primeira e \u00fanica vota\u00e7\u00e3o, o Projeto de Lei n\u00ba 011/2025: autoriza ao poder executivo municipal a suplementar pelo prov\u00e1vel excesso de arrecada\u00e7\u00e3o as a\u00e7\u00f5es que nomeia e d\u00e1 outras provid\u00eancias. <br />\u2705 Em sua primeira e \u00fanica vota\u00e7\u00e3o, o Projeto de Lei n\u00ba 012/2025: autoriza o poder executivo municipal a realizar repasse de recursos para organiza\u00e7\u00e3o da sociedade civil, mediante inexigibilidade de chamamento p\u00fablico e d\u00e1 outras provid\u00eancias. <br />\u2705 Em primeira vota\u00e7\u00e3o, a Indica\u00e7\u00e3o n\u00ba 08/2025: seja constru\u00edda lombada na Rua Mato Grosso, na descida do trevo de acesso e rotat\u00f3ria na converg\u00eancia entre a Rua Mato Grosso e Avenida Brasil. Apresentada pelos vereadores, Eloe Schveizer, Claudete Teresinha Junges, Sheila Fernanda Dornelles, da bancada do PT.<br />\ud83d\ude4f Agradecemos a todos que acompanharam a sess\u00e3o ao vivo pelo Facebook!<br />A sua participa\u00e7\u00e3o, mesmo \u00e0 dist\u00e2ncia, fortalece o nosso trabalho. \ud83d\udcac<br />\ud83d\udce3 Deixamos o convite: venha at\u00e9 a C\u00e2mara, participe das sess\u00f5es e acompanhe de perto o trabalho do Legislativo Municipal. A sua presen\u00e7a faz a diferen\u00e7a! \ud83e\udd1d<br />\ud83d\udcc6 A pr\u00f3xima sess\u00e3o ordin\u00e1ria ser\u00e1 no dia 09 de julho de 2025, \u00e0s 19h.<br />\ud83d\udcf2 Acompanhe os trabalhos do Legislativo: www.anchieta.sc.leg.br</p>", "author_name": "", "version": "1.0", "author_url": "https://www.anchieta.sc.leg.br/author/adm", "provider_name": "ANCHIETA - SC", "type": "rich"}