{"provider_url": "https://www.anchieta.sc.leg.br", "title": "22\u00aa Sess\u00e3o Ordin\u00e1ria de 2025", "html": "<div dir=\"auto\">Na \u00faltima quarta-feira, 25 de junho, realizamos a 22\u00aa Sess\u00e3o Ordin\u00e1ria do ano!</div>\r\n<div class=\"x14z9mp xat24cr x1lziwak x1vvkbs xtlvy1s x126k92a\">\r\n<div dir=\"auto\"><span class=\"html-span xexx8yu xyri2b x18d9i69 x1c1uobl x1hl2dhg x16tdsg8 x1vvkbs x3nfvp2 x1j61x8r x1fcty0u xdj266r xat24cr xm2jcoa x1mpyi22 xxymvpz xlup9mm x1kky2od\"><img alt=\"\ud83d\udccc\" class=\"xz74otr x15mokao x1ga7v0g x16uus16 xbiv7yw\" height=\"16\" src=\"https://static.xx.fbcdn.net/images/emoji.php/v9/tac/1/16/1f4cc.png\" width=\"16\" /></span> Durante a sess\u00e3o, tivemos a participa\u00e7\u00e3o da Sra. Patr\u00edcia Lucian, presidente do Conselho Municipal de Assist\u00eancia Social, que fez uso da palavra na Tribuna Popular.</div>\r\n</div>\r\n<div class=\"x14z9mp xat24cr x1lziwak x1vvkbs xtlvy1s x126k92a\">\r\n<div dir=\"auto\"><span class=\"html-span xexx8yu xyri2b x18d9i69 x1c1uobl x1hl2dhg x16tdsg8 x1vvkbs x3nfvp2 x1j61x8r x1fcty0u xdj266r xat24cr xm2jcoa x1mpyi22 xxymvpz xlup9mm x1kky2od\"><img alt=\"\ud83d\udccc\" class=\"xz74otr x15mokao x1ga7v0g x16uus16 xbiv7yw\" height=\"16\" src=\"https://static.xx.fbcdn.net/images/emoji.php/v9/tac/1/16/1f4cc.png\" width=\"16\" /></span> T<span class=\"html-span xdj266r x14z9mp xat24cr x1lziwak xexx8yu xyri2b x18d9i69 x1c1uobl x1hl2dhg x16tdsg8 x1vvkbs\"><a class=\"html-a xdj266r x14z9mp xat24cr x1lziwak xexx8yu xyri2b x18d9i69 x1c1uobl x1hl2dhg x16tdsg8 x1vvkbs\" tabindex=\"-1\"></a></span>amb\u00e9m na Tribuna Popular, o Sr. Ari Prestes de Oliveira, secret\u00e1rio da Administra\u00e7\u00e3o, trouxe esclarecimentos e explicou o Projeto de Lei n\u00ba 010/2025, contribuindo para o entendimento da mat\u00e9ria.</div>\r\n</div>\r\n<div class=\"x14z9mp xat24cr x1lziwak x1vvkbs xtlvy1s x126k92a\">\r\n<div dir=\"auto\">Na ocasi\u00e3o, foram aprovadas as seguintes proposi\u00e7\u00f5es:</div>\r\n</div>\r\n<div class=\"x14z9mp xat24cr x1lziwak x1vvkbs xtlvy1s x126k92a\">\r\n<div dir=\"auto\"><span class=\"html-span xexx8yu xyri2b x18d9i69 x1c1uobl x1hl2dhg x16tdsg8 x1vvkbs x3nfvp2 x1j61x8r x1fcty0u xdj266r xat24cr xm2jcoa x1mpyi22 xxymvpz xlup9mm x1kky2od\"><img alt=\"\u2705\" class=\"xz74otr x15mokao x1ga7v0g x16uus16 xbiv7yw\" height=\"16\" src=\"https://static.xx.fbcdn.net/images/emoji.php/v9/t33/1/16/2705.png\" width=\"16\" /></span> Em primeira e \u00fanica vota\u00e7\u00e3o, o Projeto de Lei n\u00ba 010/2025: Autoriza o Poder Executivo Municipal a promover a abertura de cr\u00e9dito especial no or\u00e7amento vigente e d\u00e1 outras provid\u00eancias. Aprovado por unanimidade.</div>\r\n</div>\r\n<div class=\"x14z9mp xat24cr x1lziwak x1vvkbs xtlvy1s x126k92a\">\r\n<div dir=\"auto\"><span class=\"html-span xexx8yu xyri2b x18d9i69 x1c1uobl x1hl2dhg x16tdsg8 x1vvkbs x3nfvp2 x1j61x8r x1fcty0u xdj266r xat24cr xm2jcoa x1mpyi22 xxymvpz xlup9mm x1kky2od\"><img alt=\"\u2705\" class=\"xz74otr x15mokao x1ga7v0g x16uus16 xbiv7yw\" height=\"16\" src=\"https://static.xx.fbcdn.net/images/emoji.php/v9/t33/1/16/2705.png\" width=\"16\" /></span> Em segunda vota\u00e7\u00e3o, o Projeto de Lei n\u00ba 009/2025: Disp\u00f5e sobre a destina\u00e7\u00e3o e o recebimento de patroc\u00ednio pelo Munic\u00edpio de Anchieta/SC e d\u00e1 outras provid\u00eancias. Aprovado por unanimidade.</div>\r\n</div>\r\n<div class=\"x14z9mp xat24cr x1lziwak x1vvkbs xtlvy1s x126k92a\">\r\n<div dir=\"auto\"><span class=\"html-span xexx8yu xyri2b x18d9i69 x1c1uobl x1hl2dhg x16tdsg8 x1vvkbs x3nfvp2 x1j61x8r x1fcty0u xdj266r xat24cr xm2jcoa x1mpyi22 xxymvpz xlup9mm x1kky2od\"><img alt=\"\u2705\" class=\"xz74otr x15mokao x1ga7v0g x16uus16 xbiv7yw\" height=\"16\" src=\"https://static.xx.fbcdn.net/images/emoji.php/v9/t33/1/16/2705.png\" width=\"16\" /></span> Em primeira e \u00fanica vota\u00e7\u00e3o, a Mo\u00e7\u00e3o de Apelo n\u00ba 06/2025: Solicita a implanta\u00e7\u00e3o de um campus da UFFS no Extremo Oeste, contemplando o curso de Medicina e outros cursos. Apresentada pelos vereadores Eloe Schveizer, Claudete Teresinha Junges e Sheila Fernanda Dornelles, da bancada do PT. Aprovada por unanimidade.</div>\r\n</div>\r\n<div class=\"x14z9mp xat24cr x1lziwak x1vvkbs xtlvy1s x126k92a\">\r\n<div dir=\"auto\"><span class=\"html-span xexx8yu xyri2b x18d9i69 x1c1uobl x1hl2dhg x16tdsg8 x1vvkbs x3nfvp2 x1j61x8r x1fcty0u xdj266r xat24cr xm2jcoa x1mpyi22 xxymvpz xlup9mm x1kky2od\"><img alt=\"\ud83d\ude4f\" class=\"xz74otr x15mokao x1ga7v0g x16uus16 xbiv7yw\" height=\"16\" src=\"https://static.xx.fbcdn.net/images/emoji.php/v9/t80/1/16/1f64f.png\" width=\"16\" /></span> Agradecemos a todos que acompanharam a sess\u00e3o ao vivo pelo Facebook!</div>\r\n<div dir=\"auto\">A sua participa\u00e7\u00e3o, mesmo \u00e0 dist\u00e2ncia, fortalece o nosso trabalho. <span class=\"html-span xexx8yu xyri2b x18d9i69 x1c1uobl x1hl2dhg x16tdsg8 x1vvkbs x3nfvp2 x1j61x8r x1fcty0u xdj266r xat24cr xm2jcoa x1mpyi22 xxymvpz xlup9mm x1kky2od\"><img alt=\"\ud83d\udcac\" class=\"xz74otr x15mokao x1ga7v0g x16uus16 xbiv7yw\" height=\"16\" src=\"https://static.xx.fbcdn.net/images/emoji.php/v9/t6e/1/16/1f4ac.png\" width=\"16\" /></span></div>\r\n</div>\r\n<div class=\"x14z9mp xat24cr x1lziwak x1vvkbs xtlvy1s x126k92a\">\r\n<div dir=\"auto\"><span class=\"html-span xexx8yu xyri2b x18d9i69 x1c1uobl x1hl2dhg x16tdsg8 x1vvkbs x3nfvp2 x1j61x8r x1fcty0u xdj266r xat24cr xm2jcoa x1mpyi22 xxymvpz xlup9mm x1kky2od\"><img alt=\"\ud83d\udce3\" class=\"xz74otr x15mokao x1ga7v0g x16uus16 xbiv7yw\" height=\"16\" src=\"https://static.xx.fbcdn.net/images/emoji.php/v9/tba/1/16/1f4e3.png\" width=\"16\" /></span> Deixamos o convite: venha at\u00e9 a C\u00e2mara, participe das sess\u00f5es e acompanhe de perto o trabalho do Legislativo Municipal. A sua presen\u00e7a faz a diferen\u00e7a! <span class=\"html-span xexx8yu xyri2b x18d9i69 x1c1uobl x1hl2dhg x16tdsg8 x1vvkbs x3nfvp2 x1j61x8r x1fcty0u xdj266r xat24cr xm2jcoa x1mpyi22 xxymvpz xlup9mm x1kky2od\"><img alt=\"\ud83e\udd1d\" class=\"xz74otr x15mokao x1ga7v0g x16uus16 xbiv7yw\" height=\"16\" src=\"https://static.xx.fbcdn.net/images/emoji.php/v9/t64/1/16/1f91d.png\" width=\"16\" /></span></div>\r\n</div>\r\n<div class=\"x14z9mp xat24cr x1lziwak x1vvkbs xtlvy1s x126k92a\">\r\n<div dir=\"auto\"><span class=\"html-span xexx8yu xyri2b x18d9i69 x1c1uobl x1hl2dhg x16tdsg8 x1vvkbs x3nfvp2 x1j61x8r x1fcty0u xdj266r xat24cr xm2jcoa x1mpyi22 xxymvpz xlup9mm x1kky2od\"><img alt=\"\ud83d\udcc6\" class=\"xz74otr x15mokao x1ga7v0g x16uus16 xbiv7yw\" height=\"16\" src=\"https://static.xx.fbcdn.net/images/emoji.php/v9/tff/1/16/1f4c6.png\" width=\"16\" /></span> A pr\u00f3xima sess\u00e3o ordin\u00e1ria ser\u00e1 no dia 02 de julho de 2025, \u00e0s 18h.</div>\r\n<div dir=\"auto\"><span class=\"html-span xexx8yu xyri2b x18d9i69 x1c1uobl x1hl2dhg x16tdsg8 x1vvkbs x3nfvp2 x1j61x8r x1fcty0u xdj266r xat24cr xm2jcoa x1mpyi22 xxymvpz xlup9mm x1kky2od\"><img alt=\"\ud83d\udcf2\" class=\"xz74otr x15mokao x1ga7v0g x16uus16 xbiv7yw\" height=\"16\" src=\"https://static.xx.fbcdn.net/images/emoji.php/v9/td8/1/16/1f4f2.png\" width=\"16\" /></span> Acompanhe os trabalhos do Legislativo: <span class=\"html-span xdj266r x14z9mp xat24cr x1lziwak xexx8yu xyri2b x18d9i69 x1c1uobl x1hl2dhg x16tdsg8 x1vvkbs\"><a class=\"x1i10hfl xjbqb8w x1ejq31n x18oe1m7 x1sy0etr xstzfhl x972fbf x10w94by x1qhh985 x14e42zd x9f619 x1ypdohk xt0psk2 xe8uvvx xdj266r x14z9mp xat24cr x1lziwak xexx8yu xyri2b x18d9i69 x1c1uobl x16tdsg8 x1hl2dhg xggy1nq x1a2a7pz xkrqix3 x1sur9pj x1fey0fg x1s688f\" href=\"http://www.anchieta.sc.leg.br/?fbclid=IwZXh0bgNhZW0CMTAAAR4vjgDuSdq7af263g3yXaZibRJX6nVmJ6OAxa1l8LG9Z1ZItsUMKJ-omRAwCg_aem_5wJT099LxfCKzchPMagmxQ\" rel=\"nofollow noreferrer\" tabindex=\"0\" target=\"_blank\">www.anchieta.sc.leg.br</a></span></div>\r\n</div>", "author_name": "", "version": "1.0", "author_url": "https://www.anchieta.sc.leg.br/author/adm", "provider_name": "ANCHIETA - SC", "type": "rich"}