{"provider_url": "https://www.anchieta.sc.leg.br", "title": "11\u00aa Sess\u00e3o Ordin\u00e1ria de 2025", "html": "<div class=\"xdj266r x14z9mp xat24cr x1lziwak x1vvkbs x126k92a\">\r\n<div dir=\"auto\">REALIZA\u00c7\u00c3O DA D\u00c9CIMA PRIMEIRA SESS\u00c3O ORDIN\u00c1RIA DE 2025</div>\r\n</div>\r\n<div class=\"x14z9mp xat24cr x1lziwak x1vvkbs xtlvy1s x126k92a\">\r\n<div dir=\"auto\">Na \u00faltima quarta-feira, dia 02 de abril, foi realizada a d\u00e9cima sess\u00e3o ordin\u00e1ria do ano de 2025.</div>\r\n</div>\r\n<div class=\"x14z9mp xat24cr x1lziwak x1vvkbs xtlvy1s x126k92a\">\r\n<div dir=\"auto\">Na ocasi\u00e3o, foram discutidos e aprovados por unanimidade:</div>\r\n</div>\r\n<div class=\"x14z9mp xat24cr x1lziwak x1vvkbs xtlvy1s x126k92a\">\r\n<div dir=\"auto\"><span class=\"html-span xexx8yu xyri2b x18d9i69 x1c1uobl x1hl2dhg x16tdsg8 x1vvkbs x3nfvp2 x1j61x8r x1fcty0u xdj266r xat24cr xm2jcoa x1mpyi22 xxymvpz xlup9mm x1kky2od\"><img alt=\"\u2705\" class=\"xz74otr x15mokao x1ga7v0g x16uus16 xbiv7yw\" height=\"16\" src=\"https://static.xx.fbcdn.net/images/emoji.php/v9/t33/1/16/2705.png\" width=\"16\" /></span> Em <span class=\"html-span xdj266r x14z9mp xat24cr x1lziwak xexx8yu xyri2b x18d9i69 x1c1uobl x1hl2dhg x16tdsg8 x1vvkbs\"><a class=\"html-a xdj266r x14z9mp xat24cr x1lziwak xexx8yu xyri2b x18d9i69 x1c1uobl x1hl2dhg x16tdsg8 x1vvkbs\" tabindex=\"-1\"></a></span>segunda vota\u00e7\u00e3o:</div>\r\n</div>\r\n<div class=\"x14z9mp xat24cr x1lziwak x1vvkbs xtlvy1s x126k92a\">\r\n<div dir=\"auto\">Projeto de Lei n\u00ba 005/2025 \u2013 Disp\u00f5e sobre a altera\u00e7\u00e3o do protocolo de inten\u00e7\u00f5es do Cons\u00f3rcio P\u00fablico da Regi\u00e3o do Rio Sargento de Integra\u00e7\u00e3o Municipal e d\u00e1 outras provid\u00eancias.</div>\r\n</div>\r\n<div class=\"x14z9mp xat24cr x1lziwak x1vvkbs xtlvy1s x126k92a\">\r\n<div dir=\"auto\"><span class=\"html-span xexx8yu xyri2b x18d9i69 x1c1uobl x1hl2dhg x16tdsg8 x1vvkbs x3nfvp2 x1j61x8r x1fcty0u xdj266r xat24cr xm2jcoa x1mpyi22 xxymvpz xlup9mm x1kky2od\"><img alt=\"\u2705\" class=\"xz74otr x15mokao x1ga7v0g x16uus16 xbiv7yw\" height=\"16\" src=\"https://static.xx.fbcdn.net/images/emoji.php/v9/t33/1/16/2705.png\" width=\"16\" /></span> Em primeira e \u00fanica vota\u00e7\u00e3o:</div>\r\n</div>\r\n<div class=\"x14z9mp xat24cr x1lziwak x1vvkbs xtlvy1s x126k92a\">\r\n<div dir=\"auto\">Mo\u00e7\u00e3o de Apelo n\u00ba 01/2025 \u2013 Solicita \u00e0 CELESC (Centrais El\u00e9tricas de Santa Catarina) a realiza\u00e7\u00e3o de melhorias na rede el\u00e9trica do munic\u00edpio de Anchieta. A mo\u00e7\u00e3o foi apresentada pelos vereadores Tiago Leandro Moserle, Nilo Jos\u00e9 Prevedello e Fabio Kohls do Amaral (MDB), Nelson Rodrigues da Silva e Douglas Luiz Vidori (PL) e Paulo Cesar Sartori (PSDB).</div>\r\n</div>\r\n<div class=\"x14z9mp xat24cr x1lziwak x1vvkbs xtlvy1s x126k92a\">\r\n<div dir=\"auto\"><span class=\"html-span xexx8yu xyri2b x18d9i69 x1c1uobl x1hl2dhg x16tdsg8 x1vvkbs x3nfvp2 x1j61x8r x1fcty0u xdj266r xat24cr xm2jcoa x1mpyi22 xxymvpz xlup9mm x1kky2od\"><img alt=\"\ud83d\udce2\" class=\"xz74otr x15mokao x1ga7v0g x16uus16 xbiv7yw\" height=\"16\" src=\"https://static.xx.fbcdn.net/images/emoji.php/v9/t39/1/16/1f4e2.png\" width=\"16\" /></span> Acompanhe as atividades da C\u00e2mara Municipal de Anchieta-SC pelo site oficial!</div>\r\n</div>", "author_name": "", "version": "1.0", "author_url": "https://www.anchieta.sc.leg.br/author/adm", "provider_name": "ANCHIETA - SC", "type": "rich"}