{"provider_url": "https://www.anchieta.sc.leg.br", "title": "10\u00aa Sess\u00e3o Ordin\u00e1ria de 2025", "html": "<p>REALIZA\u00c7\u00c3O DA D\u00c9CIMA SESS\u00c3O ORDIN\u00c1RIA DE 2025<br /> Na \u00faltima segunda-feira, dia 31, foi realizada a d\u00e9cima sess\u00e3o ordin\u00e1ria do ano de 2025.<br /> Na ocasi\u00e3o, foram discutidos e aprovados por unanimidade: <br />\u2705 Em primeira vota\u00e7\u00e3o: Projeto de Lei n\u00ba 005/2025 \u2013 Disp\u00f5e sobre a altera\u00e7\u00e3o do protocolo de inten\u00e7\u00f5es do Cons\u00f3rcio P\u00fablico da Regi\u00e3o do Rio Sargento de Integra\u00e7\u00e3o Municipal e d\u00e1 outras provid\u00eancias. <br />\u2705 Em segunda vota\u00e7\u00e3o: Projeto de Lei n\u00ba 004/2025 \u2013 Autoriza o Poder Executivo Municipal a instituir o Fundo Municipal de Defesa Civil (FMDC), destinado ao financiamento de a\u00e7\u00f5es de preven\u00e7\u00e3o, mitiga\u00e7\u00e3o, resposta e recupera\u00e7\u00e3o em situa\u00e7\u00f5es de desastres naturais ou emergenciais no munic\u00edpio, e d\u00e1 outras provid\u00eancias.<br /> \u2705 Em primeira e \u00fanica vota\u00e7\u00e3o: Indica\u00e7\u00e3o n\u00ba 01/2025 \u2013 Prop\u00f5e a cria\u00e7\u00e3o de um programa de aux\u00edlio para agricultores que necessitam realizar o georreferenciamento. Apresentada pelos vereadores Eloe Schveizer, Claudete Teresinha Junges e Sheila Fernanda Dornelles, da bancada do PT. Indica\u00e7\u00e3o n\u00ba 02/2025 \u2013 Solicita melhorias na rede el\u00e9trica e na ilumina\u00e7\u00e3o da pra\u00e7a central. Apresentada pelo vereador Douglas Luiz Vidori, da bancada do PL. <br /><br />\ud83d\udce2 Acompanhe as atividades da C\u00e2mara Municipal de Anchieta-SC pelo site oficial!</p>", "author_name": "", "version": "1.0", "author_url": "https://www.anchieta.sc.leg.br/author/adm", "provider_name": "ANCHIETA - SC", "type": "rich"}